{"id":21112,"date":"2025-02-14T11:31:25","date_gmt":"2025-02-14T16:31:25","guid":{"rendered":"https:\/\/www.canadagap.ca\/?p=21112"},"modified":"2025-02-14T11:31:25","modified_gmt":"2025-02-14T16:31:25","slug":"rappel-possibilites-de-formation-canadagap-hiver-printemps-2025","status":"publish","type":"post","link":"https:\/\/www.canadagap.ca\/fr\/2025\/02\/rappel-possibilites-de-formation-canadagap-hiver-printemps-2025\/","title":{"rendered":"Rappel : Possibilit\u00e9s de formation CanadaGAP hiver\/printemps 2025"},"content":{"rendered":"<div class=\"fusion-fullwidth fullwidth-box fusion-builder-row-1 fusion-flex-container has-pattern-background has-mask-background nonhundred-percent-fullwidth non-hundred-percent-height-scrolling\" style=\"--awb-border-radius-top-left:0px;--awb-border-radius-top-right:0px;--awb-border-radius-bottom-right:0px;--awb-border-radius-bottom-left:0px;--awb-flex-wrap:wrap;\" ><div class=\"fusion-builder-row fusion-row fusion-flex-align-items-flex-start fusion-flex-content-wrap\" style=\"max-width:1268.8px;margin-left: calc(-4% \/ 2 );margin-right: calc(-4% \/ 2 );\"><div class=\"fusion-layout-column fusion_builder_column fusion-builder-column-0 fusion_builder_column_1_1 1_1 fusion-flex-column\" style=\"--awb-bg-size:cover;--awb-width-large:100%;--awb-margin-top-large:0px;--awb-spacing-right-large:1.92%;--awb-margin-bottom-large:0px;--awb-spacing-left-large:1.92%;--awb-width-medium:100%;--awb-order-medium:0;--awb-spacing-right-medium:1.92%;--awb-spacing-left-medium:1.92%;--awb-width-small:100%;--awb-order-small:0;--awb-spacing-right-small:1.92%;--awb-spacing-left-small:1.92%;\"><div class=\"fusion-column-wrapper fusion-column-has-shadow fusion-flex-justify-content-flex-start fusion-content-layout-column\"><div class=\"fusion-text fusion-text-1\"><p>Le programme CanadaGAP a \u00e9t\u00e9 heureux d\u2019annoncer r\u00e9cemment plusieurs possibilit\u00e9s de formation. Afin de faciliter l\u2019examen des options disponibles pour toutes les personnes int\u00e9ress\u00e9es, voici la liste compl\u00e8te des cours \u00e0 jour programm\u00e9s par les formateurs de formation approuv\u00e9s pour le premier semestre de 2025.<\/p>\n<p><u>Cours d\u2019introduction au programme CanadaGAP<\/u><\/p>\n<p><strong>18, 19 mars\u00a0<\/strong>\u2013\u00a0<a href=\"mailto:mcheppell@qualiterra.ca\">Cours d&#8217;introduction au programme CanadaGAP.<\/a>\u00a0Gestion Qualiterra inc. **<br \/>\n<strong>7, 8 mai<\/strong>\u00a0\u2013\u00a0<a href=\"https:\/\/foodsafetysolutions.ca\/product\/understanding-the-canadagap-program-training-may-2025\/\">Cours d&#8217;introduction au programme CanadaGAP.<\/a> Food Safety Solutions (<em>ANGLAIS)<\/em><\/p>\n<p><u>Cours de formation des auditeurs CanadaGAP<\/u><\/p>\n<p><strong>17, 18, 24, 25, 26 mars<\/strong>\u00a0\u2013\u00a0<a href=\"https:\/\/www.essentialfoodsafety.ca\/courses\">Cours de formation des auditeurs CanadaGAP.<\/a>\u00a0Essential Food Safety (<em>ANGLAIS)<\/em><br \/>\n<strong>19, 20, 26, 27, 28 mars\u00a0<\/strong>\u2013 <a href=\"https:\/\/www.bnq.qc.ca\/images\/pdf\/agroalimentaire\/BNQ_formulaire_inscription_Formation_CanadaGAP_2025.docx\">Cours de formation des auditeurs CanadaGAP.<\/a>\u00a0BNQ <em>\u00a0<\/em><br \/>\n<strong>24, 25, 31 mars et 1, 2 avril<\/strong>\u00a0\u2013\u00a0<a href=\"mailto:mcheppell@qualiterra.ca\">Cours de formation des auditeurs CanadaGAP.<\/a>\u00a0Gestion Qualiterra inc. **<br \/>\n<strong>31 mars au 4 avril<\/strong>\u00a0\u2013\u00a0<a href=\"https:\/\/foodsafetysolutions.ca\/product\/canadagap-auditor-training-march-2025\/\">Cours de formation des auditeurs CanadaGAP.<\/a>\u00a0Food Safety Solutions (<em>ANGLAIS)<\/em><br \/>\n<strong>7, 8, 14, 15, 16 avril<\/strong>\u00a0\u2013\u00a0<a href=\"https:\/\/www.msvs.ca\/training\">Cours de formation des auditeurs CanadaGAP.<\/a>\u00a0MSVS (<em>ANGLAIS)<\/em><\/p>\n<p>** indique les cours dont les dates ont \u00e9t\u00e9 modifi\u00e9es depuis le communiqu\u00e9 original.<\/p>\n<p>Pour de plus amples informations sur la formation des auditeurs et une comparaison plus d\u00e9taill\u00e9e des cours, visitez :\u00a0 <a href=\"http:\/\/www.canadagap.ca\/fr\/program\/auditors\/\">https:\/\/www.canadagap.ca\/fr\/program\/auditors\/<\/a><\/p>\n<p>Pour de plus amples informations sur chaque cours, veuillez communiquer directement avec le formateur de formation, ou consultez le communiqu\u00e9 sp\u00e9cifique pour ce cours \u00e0 l\u2019adresse : <a href=\"\/?page_id=3271\">https:\/\/www.canadagap.ca\/fr\/publications\/communiques\/<\/a><\/p>\n<\/div><\/div><\/div><\/div><\/div>\n<span class=\"faq-last-updated\">f\u00e9vrier 14th, 2025 at 11:31 am<\/span>","protected":false},"excerpt":{"rendered":"<p>f\u00e9vrier 14th, 2025 at 11:31 am<\/p>\n","protected":false},"author":4,"featured_media":0,"comment_status":"closed","ping_status":"open","sticky":false,"template":"","format":"standard","meta":{"footnotes":""},"categories":[87,100,101,398],"tags":[],"class_list":["post-21112","post","type-post","status-publish","format-standard","hentry","category-annonce","category-formation-canadagap","category-formation-des-auditeurs","category-formation-des-auditeurs-fr"],"_links":{"self":[{"href":"https:\/\/www.canadagap.ca\/fr\/wp-json\/wp\/v2\/posts\/21112","targetHints":{"allow":["GET"]}}],"collection":[{"href":"https:\/\/www.canadagap.ca\/fr\/wp-json\/wp\/v2\/posts"}],"about":[{"href":"https:\/\/www.canadagap.ca\/fr\/wp-json\/wp\/v2\/types\/post"}],"author":[{"embeddable":true,"href":"https:\/\/www.canadagap.ca\/fr\/wp-json\/wp\/v2\/users\/4"}],"replies":[{"embeddable":true,"href":"https:\/\/www.canadagap.ca\/fr\/wp-json\/wp\/v2\/comments?post=21112"}],"version-history":[{"count":0,"href":"https:\/\/www.canadagap.ca\/fr\/wp-json\/wp\/v2\/posts\/21112\/revisions"}],"wp:attachment":[{"href":"https:\/\/www.canadagap.ca\/fr\/wp-json\/wp\/v2\/media?parent=21112"}],"wp:term":[{"taxonomy":"category","embeddable":true,"href":"https:\/\/www.canadagap.ca\/fr\/wp-json\/wp\/v2\/categories?post=21112"},{"taxonomy":"post_tag","embeddable":true,"href":"https:\/\/www.canadagap.ca\/fr\/wp-json\/wp\/v2\/tags?post=21112"}],"curies":[{"name":"wp","href":"https:\/\/api.w.org\/{rel}","templated":true}]}}